{"name":"VI SIELP | VI Simp\u00f3sio Internacional de Ensino de L\u00edngua Portuguesa","description":"O SIELP - SIMP\u00d3SIO INTERNACIONAL DE ENSINO DE L\u00cdNGUA PORTUGUESA - promovido pelo Instituto de Letras e Lingu\u00edstica da Universidade Federal de Uberl\u00e2ndia \u00e9 um evento acad\u00eamico-cient\u00edfico que visa a discutir e divulgar a produ\u00e7\u00e3o cient\u00edfica, acad\u00eamica, t\u00e9cnica e cultural sobre o ensino de L\u00edngua Portuguesa no Brasil e no mundo.","url":"http:\/\/www.ileel.ufu.br\/sielp2016","home":"http:\/\/www.ileel.ufu.br\/sielp2016","namespaces":["oembed\/1.0"],"authentication":[],"routes":{"\/":{"namespace":"","methods":["GET"],"endpoints":[{"methods":["GET"],"args":{"context":{"required":false,"default":"view"}}}],"_links":{"self":"http:\/\/www.ileel.ufu.br\/sielp2016\/?rest_route=\/"}},"\/oembed\/1.0":{"namespace":"oembed\/1.0","methods":["GET"],"endpoints":[{"methods":["GET"],"args":{"namespace":{"required":false,"default":"oembed\/1.0"},"context":{"required":false,"default":"view"}}}],"_links":{"self":"http:\/\/www.ileel.ufu.br\/sielp2016\/?rest_route=\/oembed\/1.0"}},"\/oembed\/1.0\/embed":{"namespace":"oembed\/1.0","methods":["GET"],"endpoints":[{"methods":["GET"],"args":{"url":{"required":true},"format":{"required":false,"default":"json"},"maxwidth":{"required":false,"default":600}}}],"_links":{"self":"http:\/\/www.ileel.ufu.br\/sielp2016\/?rest_route=\/oembed\/1.0\/embed"}}},"_links":{"help":[{"href":"http:\/\/v2.wp-api.org\/"}]}}